{"id":650,"date":"2013-08-18T23:20:08","date_gmt":"2013-08-18T21:20:08","guid":{"rendered":"https:\/\/www.tramspotters.de\/?p=650"},"modified":"2013-08-18T23:20:08","modified_gmt":"2013-08-18T21:20:08","slug":"725-jahre-duesseldorf-2","status":"publish","type":"post","link":"https:\/\/www.tramspotters.de\/?p=650","title":{"rendered":"725 Jahre D\u00fcsseldorf"},"content":{"rendered":"<p>Dieses Jahr j\u00e4hrt sich zum 725. Mal die Stadtgr\u00fcndung von D\u00fcsseldorf. Ausgang war der Sieg des Herzog von Brabant \u00fcber den Erzbischof von K\u00f6ln in der <a title=\"http:\/\/de.wikipedia.org\/wiki\/Schlacht_von_Worringen\" href=\"http:\/\/de.wikipedia.org\/wiki\/Schlacht_von_Worringen\" target=\"_blank\">Schlacht von Worringen<\/a>\u00a0am 5. Juni 1288 auf der F\u00fchlinger Heide, einer der schwersten Schlachten im Mittelalter mit fast 10.000 K\u00e4mpfern. Um die Macht des Erzbischofs weiter zu schw\u00e4chen, verlieh Graf Adolf von Berg am 14. August 1288 der Ortschaft D\u00fcsseldorf die Stadtrechte. Dieses Datum gilt als offizielle Gr\u00fcndung der Stadt D\u00fcsseldorf, obwohl Teile der heutigen Stadt erheblich \u00e4lter sind.<\/p>\n<p>Dieses Ereignis wird in diesem Jahr (2013) vielerorts in der Stadt gefeiert und der bekannte D\u00fcsseldorfer K\u00fcnstler Jacques Tilly, der auch die Motivwagen der Rosenmontagszuges entwirft, hat die Bahn 3370 mit bunten Motiven aus der Stadtgeschichte versch\u00f6nert.\u00a0Man erkennt u.a. die Schlacht von Worringen, Jan Wellem, Napoleon, Heinrich Heine, Robert und Clara Schuhmann, Tony Turek, die Band Kraftwerk, Campino, Heino und nat\u00fcrlich den Bergischen L\u00f6wen mit Anker.<\/p>\n<p>Anhand der dortigen Fotos war es f\u00fcr mich m\u00f6glich, ein Modell dieses Fahrzeugs in H0 zu bauen:<\/p>\n<p style=\"text-align: center;\"><a title=\"Unbenannt von Tramspotters.de bei Flickr\" href=\"http:\/\/www.flickr.com\/photos\/tramspotters\/9542055094\/\"><img decoding=\"async\" loading=\"lazy\" class=\"aligncenter\" alt=\"Unbenannt\" src=\"http:\/\/farm4.staticflickr.com\/3669\/9542055094_87e6a7a339_z.jpg\" width=\"640\" height=\"292\" \/><\/a><\/p>\n<p style=\"text-align: center;\"><a title=\"Unbenannt von Tramspotters.de bei Flickr\" href=\"http:\/\/www.flickr.com\/photos\/tramspotters\/9542054312\/\"><img decoding=\"async\" loading=\"lazy\" class=\"aligncenter\" alt=\"Unbenannt\" src=\"http:\/\/farm3.staticflickr.com\/2851\/9542054312_aed3d6178a_z.jpg\" width=\"640\" height=\"335\" \/><\/a><\/p>\n<p style=\"text-align: center;\"><a title=\"Unbenannt von Tramspotters.de bei Flickr\" href=\"http:\/\/www.flickr.com\/photos\/tramspotters\/9539264341\/\"><img decoding=\"async\" loading=\"lazy\" class=\"aligncenter\" alt=\"Unbenannt\" src=\"http:\/\/farm8.staticflickr.com\/7374\/9539264341_e86237e396_z.jpg\" width=\"640\" height=\"361\" \/><\/a><br \/>\nMeiner Meinung nach, stellt dieses Fahrzeug eine der besten Dekorierungen dar. Sicherlich ist es diskussionsw\u00fcrdig, dass auch die Scheiben und T\u00fcren beklebt sind, aber der gelungenen Darstellung des Stadtjubil\u00e4ums tut dies keinen Abbruch.<\/p>\n<p style=\"text-align: center;\"><img decoding=\"async\" loading=\"lazy\" class=\"aligncenter\" alt=\"\" src=\"https:\/\/fbcdn-sphotos-d-a.akamaihd.net\/hphotos-ak-frc3\/970921_561589237212234_1777097113_n.jpg\" width=\"672\" height=\"151\" \/><\/p>\n<p>(Quelle:\u00a0<a title=\"https:\/\/www.facebook.com\/Rheinbahn\" href=\"https:\/\/www.facebook.com\/Rheinbahn\" target=\"_blank\">Facebook Auftritt der Rheinbahn<\/a>)<\/p>\n<p>Weitere Bilder der Bahn sind auf der offiziellen Seite der Rheinbahn in Facebook zu finden:\u00a0<a title=\"https:\/\/www.facebook.com\/media\/set\/?set=a.561589210545570.1073741827.114787875225708&amp;type=1\" href=\"https:\/\/www.facebook.com\/media\/set\/?set=a.561589210545570.1073741827.114787875225708&amp;type=1\" target=\"_blank\">Jubil\u00e4umsbahn<\/a><\/p>\n","protected":false},"excerpt":{"rendered":"<p>Dieses Jahr j\u00e4hrt sich zum 725. Mal die Stadtgr\u00fcndung von D\u00fcsseldorf. Ausgang war der Sieg des Herzog von Brabant \u00fcber den Erzbischof von K\u00f6ln in der Schlacht von Worringen am 5. Juni 1288 auf der F\u00fchlinger Heide, einer der schwersten Schlachten im Mittelalter mit fast 10.000 K\u00e4mpfern. Um die Macht des Erzbischofs weiter zu schw\u00e4chen, [&#8230;]<\/p>\n","protected":false},"author":1,"featured_media":0,"comment_status":"open","ping_status":"open","sticky":false,"template":"","format":"standard","meta":[],"categories":[13],"tags":[21,11,12,22],"_links":{"self":[{"href":"https:\/\/www.tramspotters.de\/index.php?rest_route=\/wp\/v2\/posts\/650"}],"collection":[{"href":"https:\/\/www.tramspotters.de\/index.php?rest_route=\/wp\/v2\/posts"}],"about":[{"href":"https:\/\/www.tramspotters.de\/index.php?rest_route=\/wp\/v2\/types\/post"}],"author":[{"embeddable":true,"href":"https:\/\/www.tramspotters.de\/index.php?rest_route=\/wp\/v2\/users\/1"}],"replies":[{"embeddable":true,"href":"https:\/\/www.tramspotters.de\/index.php?rest_route=%2Fwp%2Fv2%2Fcomments&post=650"}],"version-history":[{"count":2,"href":"https:\/\/www.tramspotters.de\/index.php?rest_route=\/wp\/v2\/posts\/650\/revisions"}],"predecessor-version":[{"id":652,"href":"https:\/\/www.tramspotters.de\/index.php?rest_route=\/wp\/v2\/posts\/650\/revisions\/652"}],"wp:attachment":[{"href":"https:\/\/www.tramspotters.de\/index.php?rest_route=%2Fwp%2Fv2%2Fmedia&parent=650"}],"wp:term":[{"taxonomy":"category","embeddable":true,"href":"https:\/\/www.tramspotters.de\/index.php?rest_route=%2Fwp%2Fv2%2Fcategories&post=650"},{"taxonomy":"post_tag","embeddable":true,"href":"https:\/\/www.tramspotters.de\/index.php?rest_route=%2Fwp%2Fv2%2Ftags&post=650"}],"curies":[{"name":"wp","href":"https:\/\/api.w.org\/{rel}","templated":true}]}}